{"id":71028,"date":"2025-01-07T15:03:10","date_gmt":"2025-01-07T12:03:10","guid":{"rendered":"https:\/\/vitalmutfak.com\/el-grupo-mutas-acogio-a-los-centros-de-servicio-autorizados-de-la-region-del-egeo-en-el-primer-evento-del-ano\/"},"modified":"2026-04-09T18:15:07","modified_gmt":"2026-04-09T15:15:07","slug":"el-grupo-mutas-acogio-a-los-centros-de-servicio-autorizados-de-la-region-del-egeo-en-el-primer-evento-del-ano","status":"publish","type":"post","link":"https:\/\/vitalmutfak.com\/es\/el-grupo-mutas-acogio-a-los-centros-de-servicio-autorizados-de-la-region-del-egeo-en-el-primer-evento-del-ano\/","title":{"rendered":"El Grupo Muta\u015f acogi\u00f3 a los Centros de Servicio Autorizados de la Regi\u00f3n del Egeo en el primer evento del a\u00f1o"},"content":{"rendered":"\t\t<div data-elementor-type=\"wp-post\" data-elementor-id=\"71028\" class=\"elementor elementor-71028 elementor-65470\" data-elementor-post-type=\"post\">\n\t\t\t\t<div class=\"elementor-element elementor-element-74c9592 e-flex e-con-boxed e-con e-parent\" data-id=\"74c9592\" data-element_type=\"container\" data-e-type=\"container\">\n\t\t\t\t\t<div class=\"e-con-inner\">\n\t\t\t\t<div class=\"elementor-element elementor-element-3f0e555 elementor-widget elementor-widget-dyncontel-date\" data-id=\"3f0e555\" data-element_type=\"widget\" data-e-type=\"widget\" data-widget_type=\"dyncontel-date.default\">\n\t\t\t\t<div class=\"elementor-widget-container\">\n\t\t\t\t\t<div class=\"dynamic-content-for-elementor-date \"><span class=\"d1\">7 enero, 2025<\/span><span class=\"d2\"><\/span><span class=\"d3\"><\/span><\/div>\t\t\t\t<\/div>\n\t\t\t\t<\/div>\n\t\t\t\t<div class=\"elementor-element elementor-element-582598d8 elementor-widget elementor-widget-text-editor\" data-id=\"582598d8\" data-element_type=\"widget\" data-e-type=\"widget\" data-widget_type=\"text-editor.default\">\n\t\t\t\t<div class=\"elementor-widget-container\">\n\t\t\t\t\t\t\t\t\t<h4>El Grupo Muta\u015f acogi\u00f3 a los Centros de Servicio Autorizados de la Regi\u00f3n del Egeo en el primer evento del a\u00f1o<\/h4><p>El Grupo Muta\u015f inici\u00f3 con fuerza y dinamismo el a\u00f1o 2025 y reuni\u00f3 a los representantes del Servicio Autorizado de la Regi\u00f3n del Egeo, acogidos por Vital Mutfak.<\/p><p>El Grupo Muta\u015f, que opera en los campos de la cocina industrial, lavander\u00eda, refrigeraci\u00f3n y equipamiento hospitalario, recibi\u00f3 a los representantes del Servicio Autorizado de la Regi\u00f3n Egea en el evento Vital Kitchen en el primer evento corporativo de 2025.<\/p><p>El acto, organizado por el equipo de Servicios Posventa del Departamento de Producci\u00f3n de la empresa, se centr\u00f3 en compartir informaci\u00f3n t\u00e9cnica, evaluaciones para mejorar la calidad del servicio e intercambio mutuo de experiencias. Los participantes tuvieron la oportunidad de seguir de cerca la evoluci\u00f3n actual de los procesos de productos y servicios. <\/p><p>Los responsables del Grupo Muta\u015f declararon que este tipo de organizaciones, que se centran en la satisfacci\u00f3n del cliente y la comprensi\u00f3n sostenible del servicio, continuar\u00e1n en diferentes regiones a lo largo de 2025.<\/p><p> <\/p><h4><strong>El Grupo Muta\u015f acoge a socios de servicio autorizados de la regi\u00f3n del Egeo en su primer evento del a\u00f1o<\/strong><\/h4><p>El Grupo Muta\u015f empez\u00f3 el a\u00f1o 2025 con fuerza y dinamismo, reuniendo a los socios de servicios autorizados de la regi\u00f3n del Egeo en un evento de Vital Mutfak.<\/p><p>El Grupo Muta\u015f, que opera en los campos de la cocina industrial, la lavander\u00eda, la refrigeraci\u00f3n y el equipamiento hospitalario, recibi\u00f3 a representantes de servicios autorizados de la regi\u00f3n del Egeo en su primer evento corporativo de 2025, celebrado en Vital Mutfak.<\/p><p>Organizado por el equipo de Servicios Posventa, dependiente del Departamento de Producci\u00f3n de la empresa, el acto se centr\u00f3 en el intercambio de conocimientos t\u00e9cnicos, las evaluaciones destinadas a mejorar la calidad del servicio y el intercambio mutuo de experiencias. Los participantes tuvieron la oportunidad de seguir de cerca los \u00faltimos avances en productos y procesos de servicio, al tiempo que el acto sirvi\u00f3 tambi\u00e9n como valiosa reuni\u00f3n de partes interesadas. <\/p><p>Los responsables del Grupo Muta\u015f declararon que este tipo de organizaciones, centradas en la satisfacci\u00f3n del cliente y en un enfoque de servicio sostenible, continuar\u00e1n en diferentes regiones a lo largo de 2025.<\/p><div id=\"gtx-trans\" style=\"position: absolute; left: 182px; top: 444.719px;\"><div class=\"gtx-trans-icon\"> <\/div><\/div>\t\t\t\t\t\t\t\t<\/div>\n\t\t\t\t<\/div>\n\t\t\t\t\t<\/div>\n\t\t\t\t<\/div>\n\t\t<div class=\"elementor-element elementor-element-14e2457 e-flex e-con-boxed e-con e-parent\" data-id=\"14e2457\" data-element_type=\"container\" data-e-type=\"container\">\n\t\t\t\t\t<div class=\"e-con-inner\">\n\t\t<div class=\"elementor-element elementor-element-b61249f e-con-full e-flex e-con e-child\" data-id=\"b61249f\" data-element_type=\"container\" data-e-type=\"container\">\n\t\t\t\t<div class=\"elementor-element elementor-element-9abffeb elementor-widget elementor-widget-image\" data-id=\"9abffeb\" data-element_type=\"widget\" data-e-type=\"widget\" data-widget_type=\"image.default\">\n\t\t\t\t<div class=\"elementor-widget-container\">\n\t\t\t\t\t\t\t\t\t\t\t\t\t\t\t<img decoding=\"async\" width=\"150\" height=\"150\" src=\"https:\/\/vitalmutfak.com\/wp-content\/uploads\/Resim21-150x150.png\" class=\"attachment-thumbnail size-thumbnail wp-image-65477\" alt=\"\" \/>\t\t\t\t\t\t\t\t\t\t\t\t\t\t\t<\/div>\n\t\t\t\t<\/div>\n\t\t\t\t<\/div>\n\t\t<div class=\"elementor-element elementor-element-d21f42e e-con-full e-flex e-con e-child\" data-id=\"d21f42e\" data-element_type=\"container\" data-e-type=\"container\">\n\t\t\t\t<div class=\"elementor-element elementor-element-85c17b5 elementor-widget elementor-widget-image\" data-id=\"85c17b5\" data-element_type=\"widget\" data-e-type=\"widget\" data-widget_type=\"image.default\">\n\t\t\t\t<div class=\"elementor-widget-container\">\n\t\t\t\t\t\t\t\t\t\t\t\t\t\t\t<img fetchpriority=\"high\" decoding=\"async\" width=\"650\" height=\"160\" src=\"https:\/\/vitalmutfak.com\/wp-content\/uploads\/Resim20-650x160.png\" class=\"attachment-uicore-medium size-uicore-medium wp-image-65493\" alt=\"\" srcset=\"https:\/\/vitalmutfak.com\/wp-content\/uploads\/Resim20-650x160.png 650w, https:\/\/vitalmutfak.com\/wp-content\/uploads\/Resim20-768x189.png 768w, https:\/\/vitalmutfak.com\/wp-content\/uploads\/Resim20.png 1007w\" sizes=\"(max-width: 650px) 100vw, 650px\" \/>\t\t\t\t\t\t\t\t\t\t\t\t\t\t\t<\/div>\n\t\t\t\t<\/div>\n\t\t\t\t<\/div>\n\t\t\t\t\t<\/div>\n\t\t\t\t<\/div>\n\t\t\t\t<\/div>\n\t\t","protected":false},"excerpt":{"rendered":"<p>El Grupo Muta\u015f acogi\u00f3 a los Centros de Servicio Autorizados de la Regi\u00f3n del Egeo en el primer evento del a\u00f1o El Grupo Muta\u015f inici\u00f3 con fuerza y dinamismo el a\u00f1o 2025 y reuni\u00f3 a los representantes del Servicio Autorizado de la Regi\u00f3n del Egeo, acogidos por Vital Mutfak. El Grupo Muta\u015f, que opera en [&hellip;]<\/p>\n","protected":false},"author":2,"featured_media":65486,"comment_status":"open","ping_status":"closed","sticky":false,"template":"","format":"standard","meta":{"_acf_changed":false,"footnotes":""},"categories":[392],"tags":[],"class_list":["post-71028","post","type-post","status-publish","format-standard","has-post-thumbnail","hentry","category-eventos"],"acf":[],"rttpg_featured_image_url":{"full":["https:\/\/vitalmutfak.com\/wp-content\/uploads\/Resim22.png",724,266,false],"landscape":["https:\/\/vitalmutfak.com\/wp-content\/uploads\/Resim22.png",724,266,false],"portraits":["https:\/\/vitalmutfak.com\/wp-content\/uploads\/Resim22.png",724,266,false],"thumbnail":["https:\/\/vitalmutfak.com\/wp-content\/uploads\/Resim22-150x150.png",150,150,true],"medium":["https:\/\/vitalmutfak.com\/wp-content\/uploads\/Resim22.png",724,266,false],"large":["https:\/\/vitalmutfak.com\/wp-content\/uploads\/Resim22.png",724,266,false],"1536x1536":["https:\/\/vitalmutfak.com\/wp-content\/uploads\/Resim22.png",724,266,false],"2048x2048":["https:\/\/vitalmutfak.com\/wp-content\/uploads\/Resim22.png",724,266,false],"uicore-medium":["https:\/\/vitalmutfak.com\/wp-content\/uploads\/Resim22-650x239.png",650,239,true]},"rttpg_author":{"display_name":"vital","author_link":"https:\/\/vitalmutfak.com\/es\/author\/vital\/"},"rttpg_comment":0,"rttpg_category":"<a href=\"https:\/\/vitalmutfak.com\/es\/category\/eventos\/\" rel=\"category tag\">Eventos<\/a>","rttpg_excerpt":"El Grupo Muta\u015f acogi\u00f3 a los Centros de Servicio Autorizados de la Regi\u00f3n del Egeo en el primer evento del a\u00f1o El Grupo Muta\u015f inici\u00f3 con fuerza y dinamismo el a\u00f1o 2025 y reuni\u00f3 a los representantes del Servicio Autorizado de la Regi\u00f3n del Egeo, acogidos por Vital Mutfak. El Grupo Muta\u015f, que opera en...","_links":{"self":[{"href":"https:\/\/vitalmutfak.com\/es\/wp-json\/wp\/v2\/posts\/71028","targetHints":{"allow":["GET"]}}],"collection":[{"href":"https:\/\/vitalmutfak.com\/es\/wp-json\/wp\/v2\/posts"}],"about":[{"href":"https:\/\/vitalmutfak.com\/es\/wp-json\/wp\/v2\/types\/post"}],"author":[{"embeddable":true,"href":"https:\/\/vitalmutfak.com\/es\/wp-json\/wp\/v2\/users\/2"}],"replies":[{"embeddable":true,"href":"https:\/\/vitalmutfak.com\/es\/wp-json\/wp\/v2\/comments?post=71028"}],"version-history":[{"count":2,"href":"https:\/\/vitalmutfak.com\/es\/wp-json\/wp\/v2\/posts\/71028\/revisions"}],"predecessor-version":[{"id":71043,"href":"https:\/\/vitalmutfak.com\/es\/wp-json\/wp\/v2\/posts\/71028\/revisions\/71043"}],"wp:featuredmedia":[{"embeddable":true,"href":"https:\/\/vitalmutfak.com\/es\/wp-json\/wp\/v2\/media\/65486"}],"wp:attachment":[{"href":"https:\/\/vitalmutfak.com\/es\/wp-json\/wp\/v2\/media?parent=71028"}],"wp:term":[{"taxonomy":"category","embeddable":true,"href":"https:\/\/vitalmutfak.com\/es\/wp-json\/wp\/v2\/categories?post=71028"},{"taxonomy":"post_tag","embeddable":true,"href":"https:\/\/vitalmutfak.com\/es\/wp-json\/wp\/v2\/tags?post=71028"}],"curies":[{"name":"wp","href":"https:\/\/api.w.org\/{rel}","templated":true}]}}