{"id":71078,"date":"2024-09-23T11:05:00","date_gmt":"2024-09-23T08:05:00","guid":{"rendered":"https:\/\/vitalmutfak.com\/le-groupe-mutas-a-rencontre-son-public-cible-lors-de-levenement-vital-kitchen\/"},"modified":"2026-04-09T18:15:27","modified_gmt":"2026-04-09T15:15:27","slug":"le-groupe-mutas-a-rencontre-son-public-cible-lors-de-levenement-vital-kitchen","status":"publish","type":"post","link":"https:\/\/vitalmutfak.com\/fr\/le-groupe-mutas-a-rencontre-son-public-cible-lors-de-levenement-vital-kitchen\/","title":{"rendered":"Le groupe Muta\u015f a rencontr\u00e9 son public cible lors de l&rsquo;\u00e9v\u00e9nement Vital Kitchen"},"content":{"rendered":"\t\t<div data-elementor-type=\"wp-post\" data-elementor-id=\"71078\" class=\"elementor elementor-71078 elementor-65605\" data-elementor-post-type=\"post\">\n\t\t\t\t<div class=\"elementor-element elementor-element-753c198 e-flex e-con-boxed e-con e-parent\" data-id=\"753c198\" data-element_type=\"container\" data-e-type=\"container\">\n\t\t\t\t\t<div class=\"e-con-inner\">\n\t\t\t\t<div class=\"elementor-element elementor-element-a8f5d5d elementor-widget elementor-widget-dyncontel-date\" data-id=\"a8f5d5d\" data-element_type=\"widget\" data-e-type=\"widget\" data-widget_type=\"dyncontel-date.default\">\n\t\t\t\t<div class=\"elementor-widget-container\">\n\t\t\t\t\t<div class=\"dynamic-content-for-elementor-date \"><span class=\"d1\">23 septembre, 2024<\/span><span class=\"d2\"><\/span><span class=\"d3\"><\/span><\/div>\t\t\t\t<\/div>\n\t\t\t\t<\/div>\n\t\t\t\t\t<\/div>\n\t\t\t\t<\/div>\n\t\t<div class=\"elementor-element elementor-element-64e1b142 e-flex e-con-boxed e-con e-parent\" data-id=\"64e1b142\" data-element_type=\"container\" data-e-type=\"container\">\n\t\t\t\t\t<div class=\"e-con-inner\">\n\t\t\t\t<div class=\"elementor-element elementor-element-f92953f elementor-widget elementor-widget-text-editor\" data-id=\"f92953f\" data-element_type=\"widget\" data-e-type=\"widget\" data-widget_type=\"text-editor.default\">\n\t\t\t\t<div class=\"elementor-widget-container\">\n\t\t\t\t\t\t\t\t\t<h4><strong>Le groupe Muta\u015f a rencontr\u00e9 son public cible lors de l&rsquo;\u00e9v\u00e9nement Vital Kitchen<\/strong><\/h4>\r\nLe Groupe Muta\u015f a ouvert les portes d&rsquo;une nouvelle \u00e8re avec le projet Vital Kitchen achev\u00e9 la semaine derni\u00e8re. Lors du premier \u00e9v\u00e9nement organis\u00e9 apr\u00e8s l&rsquo;ach\u00e8vement du projet, l&rsquo;entreprise s&rsquo;est r\u00e9unie avec son public cible et ses parties prenantes. \r\n\r\nLe projet Vital Kitchen, qui a \u00e9t\u00e9 mis en \u0153uvre pour rassembler ses clients, son public cible, ses parties prenantes internes et externes et pour accueillir de nombreux \u00e9v\u00e9nements, a accueilli ses invit\u00e9s lors du premier \u00e9v\u00e9nement organis\u00e9 apr\u00e8s son ach\u00e8vement.\r\n\r\nLes participants ont v\u00e9cu une exp\u00e9rience inoubliable avec des promotions de produits et des pr\u00e9sentations de saveurs pour les invit\u00e9s venus de l&rsquo;\u00e9tranger. Dans le cadre du programme de l&rsquo;\u00e9v\u00e9nement, une visite de l&rsquo;usine a \u00e9t\u00e9 organis\u00e9e et l&rsquo;organisation a \u00e9t\u00e9 compl\u00e9t\u00e9e par une visite de la ville. \r\n\r\nS&rsquo;exprimant lors de l&rsquo;\u00e9v\u00e9nement, M. Murat Kuzucu, vice-pr\u00e9sident du conseil d&rsquo;administration du groupe Muta\u015f, a soulign\u00e9 que Vital Kitchen n&rsquo;est pas seulement un projet, mais aussi un nouvel espace de communication et d&rsquo;exp\u00e9rience ; il a d\u00e9clar\u00e9 qu&rsquo;un nouveau processus a commenc\u00e9 dans ce nouvel espace, o\u00f9 diff\u00e9rents contenus seront pr\u00e9par\u00e9s et partag\u00e9s dans ce nouvel espace, o\u00f9 des ateliers se tiendront \u00e0 l&rsquo;avenir.\r\n\r\n<strong> <\/strong>\r\n<h4><strong>Le groupe Muta\u015f rencontre son public cible lors de l&rsquo;\u00e9v\u00e9nement Vital Mutfak<\/strong><\/h4>\r\nAvec l&rsquo;ach\u00e8vement du projet Vital Mutfak la semaine derni\u00e8re, le groupe Muta\u015f a franchi une nouvelle \u00e9tape, marquant le d\u00e9but d&rsquo;une nouvelle \u00e8re. Apr\u00e8s l&rsquo;ach\u00e8vement du projet, la soci\u00e9t\u00e9 a accueilli ses invit\u00e9s lors du premier \u00e9v\u00e9nement organis\u00e9 \u00e0 Vital Mutfak. \r\n\r\nCon\u00e7u pour rassembler les clients, les publics cibles et les parties prenantes internes et externes tout en accueillant un large \u00e9ventail d&rsquo;\u00e9v\u00e9nements, le projet Vital Kitchen a accueilli ses invit\u00e9s lors de son premier \u00e9v\u00e9nement officiel apr\u00e8s l&rsquo;ach\u00e8vement des travaux.\r\n\r\nLes invit\u00e9s internationaux ont v\u00e9cu une exp\u00e9rience inoubliable gr\u00e2ce \u00e0 des pr\u00e9sentations de produits et des d\u00e9gustations culinaires exclusives. Le programme de l&rsquo;\u00e9v\u00e9nement a commenc\u00e9 par une visite de l&rsquo;usine et s&rsquo;est termin\u00e9 par une visite de la ville. \r\n\r\nS&rsquo;exprimant lors de l&rsquo;\u00e9v\u00e9nement, M. Murat Kuzucu, vice-pr\u00e9sident du conseil d&rsquo;administration du groupe Muta\u015f, a soulign\u00e9 que Vital Mutfak repr\u00e9sente non seulement un projet, mais aussi une nouvelle plateforme de communication et d&rsquo;exp\u00e9rience. Il a d\u00e9clar\u00e9 que ce nouveau lieu marque le d\u00e9but d&rsquo;une nouvelle phase, o\u00f9 divers contenus et activit\u00e9s d&rsquo;atelier seront d\u00e9velopp\u00e9s et partag\u00e9s dans le cadre de futurs plans d&rsquo;\u00e9v\u00e9nements. \r\n<div id=\"gtx-trans\" style=\"position: absolute; left: 412px; top: 418.547px;\">\r\n<div class=\"gtx-trans-icon\"><\/div>\r\n<\/div>\t\t\t\t\t\t\t\t<\/div>\n\t\t\t\t<\/div>\n\t\t\t\t\t<\/div>\n\t\t\t\t<\/div>\n\t\t<div class=\"elementor-element elementor-element-de22d2e e-flex e-con-boxed e-con e-parent\" data-id=\"de22d2e\" data-element_type=\"container\" data-e-type=\"container\">\n\t\t\t\t\t<div class=\"e-con-inner\">\n\t\t<div class=\"elementor-element elementor-element-d8d606f e-con-full e-flex e-con e-child\" data-id=\"d8d606f\" data-element_type=\"container\" data-e-type=\"container\">\n\t\t\t\t<div class=\"elementor-element elementor-element-c62fd81 elementor-widget elementor-widget-image\" data-id=\"c62fd81\" data-element_type=\"widget\" data-e-type=\"widget\" data-widget_type=\"image.default\">\n\t\t\t\t<div class=\"elementor-widget-container\">\n\t\t\t\t\t\t\t\t\t\t\t\t\t\t\t<img decoding=\"async\" src=\"https:\/\/vitalmutfak.com\/wp-content\/uploads\/elementor\/thumbs\/Resim13-rhjdrim6ebsdnf8ri3xz2i3lnufxeopk9k6anyohx4.png\" title=\"Resim13\" alt=\"Resim13\" loading=\"lazy\" \/>\t\t\t\t\t\t\t\t\t\t\t\t\t\t\t<\/div>\n\t\t\t\t<\/div>\n\t\t\t\t<\/div>\n\t\t<div class=\"elementor-element elementor-element-33f6606 e-con-full e-flex e-con e-child\" data-id=\"33f6606\" data-element_type=\"container\" data-e-type=\"container\">\n\t\t\t\t<div class=\"elementor-element elementor-element-09d282b elementor-widget elementor-widget-image\" data-id=\"09d282b\" data-element_type=\"widget\" data-e-type=\"widget\" data-widget_type=\"image.default\">\n\t\t\t\t<div class=\"elementor-widget-container\">\n\t\t\t\t\t\t\t\t\t\t\t\t\t\t\t<img fetchpriority=\"high\" decoding=\"async\" width=\"279\" height=\"219\" src=\"https:\/\/vitalmutfak.com\/wp-content\/uploads\/Resim12.png\" class=\"attachment-large size-large wp-image-65623\" alt=\"\" \/>\t\t\t\t\t\t\t\t\t\t\t\t\t\t\t<\/div>\n\t\t\t\t<\/div>\n\t\t\t\t<\/div>\n\t\t<div class=\"elementor-element elementor-element-177435f e-con-full e-flex e-con e-child\" data-id=\"177435f\" data-element_type=\"container\" data-e-type=\"container\">\n\t\t\t\t<div class=\"elementor-element elementor-element-c1ec7e2 elementor-widget elementor-widget-image\" data-id=\"c1ec7e2\" data-element_type=\"widget\" data-e-type=\"widget\" data-widget_type=\"image.default\">\n\t\t\t\t<div class=\"elementor-widget-container\">\n\t\t\t\t\t\t\t\t\t\t\t\t\t\t\t<img decoding=\"async\" width=\"280\" height=\"260\" src=\"https:\/\/vitalmutfak.com\/wp-content\/uploads\/Resim11.png\" class=\"attachment-large size-large wp-image-65616\" alt=\"\" \/>\t\t\t\t\t\t\t\t\t\t\t\t\t\t\t<\/div>\n\t\t\t\t<\/div>\n\t\t\t\t<\/div>\n\t\t\t\t\t<\/div>\n\t\t\t\t<\/div>\n\t\t\t\t<\/div>\n\t\t","protected":false},"excerpt":{"rendered":"<p>Le groupe Muta\u015f a rencontr\u00e9 son public cible lors de l&rsquo;\u00e9v\u00e9nement Vital Kitchen Le Groupe Muta\u015f a ouvert les portes d&rsquo;une nouvelle \u00e8re avec le projet Vital Kitchen achev\u00e9 la semaine derni\u00e8re. Lors du premier \u00e9v\u00e9nement organis\u00e9 apr\u00e8s l&rsquo;ach\u00e8vement du projet, l&rsquo;entreprise s&rsquo;est r\u00e9unie avec son public cible et ses parties prenantes. Le projet Vital [&hellip;]<\/p>\n","protected":false},"author":2,"featured_media":65608,"comment_status":"open","ping_status":"closed","sticky":false,"template":"","format":"standard","meta":{"_acf_changed":false,"footnotes":""},"categories":[389],"tags":[],"class_list":["post-71078","post","type-post","status-publish","format-standard","has-post-thumbnail","hentry","category-evenements"],"acf":[],"rttpg_featured_image_url":{"full":["https:\/\/vitalmutfak.com\/wp-content\/uploads\/Resim10.png",992,313,false],"landscape":["https:\/\/vitalmutfak.com\/wp-content\/uploads\/Resim10.png",992,313,false],"portraits":["https:\/\/vitalmutfak.com\/wp-content\/uploads\/Resim10.png",992,313,false],"thumbnail":["https:\/\/vitalmutfak.com\/wp-content\/uploads\/Resim10-150x150.png",150,150,true],"medium":["https:\/\/vitalmutfak.com\/wp-content\/uploads\/Resim10.png",992,313,false],"large":["https:\/\/vitalmutfak.com\/wp-content\/uploads\/Resim10.png",992,313,false],"1536x1536":["https:\/\/vitalmutfak.com\/wp-content\/uploads\/Resim10.png",992,313,false],"2048x2048":["https:\/\/vitalmutfak.com\/wp-content\/uploads\/Resim10.png",992,313,false],"uicore-medium":["https:\/\/vitalmutfak.com\/wp-content\/uploads\/Resim10-650x205.png",650,205,true]},"rttpg_author":{"display_name":"vital","author_link":"https:\/\/vitalmutfak.com\/fr\/author\/vital\/"},"rttpg_comment":0,"rttpg_category":"<a href=\"https:\/\/vitalmutfak.com\/fr\/category\/evenements\/\" rel=\"category tag\">Ev\u00e9nements<\/a>","rttpg_excerpt":"Le groupe Muta\u015f a rencontr\u00e9 son public cible lors de l&rsquo;\u00e9v\u00e9nement Vital Kitchen Le Groupe Muta\u015f a ouvert les portes d&rsquo;une nouvelle \u00e8re avec le projet Vital Kitchen achev\u00e9 la semaine derni\u00e8re. Lors du premier \u00e9v\u00e9nement organis\u00e9 apr\u00e8s l&rsquo;ach\u00e8vement du projet, l&rsquo;entreprise s&rsquo;est r\u00e9unie avec son public cible et ses parties prenantes. Le projet Vital\u2026","_links":{"self":[{"href":"https:\/\/vitalmutfak.com\/fr\/wp-json\/wp\/v2\/posts\/71078","targetHints":{"allow":["GET"]}}],"collection":[{"href":"https:\/\/vitalmutfak.com\/fr\/wp-json\/wp\/v2\/posts"}],"about":[{"href":"https:\/\/vitalmutfak.com\/fr\/wp-json\/wp\/v2\/types\/post"}],"author":[{"embeddable":true,"href":"https:\/\/vitalmutfak.com\/fr\/wp-json\/wp\/v2\/users\/2"}],"replies":[{"embeddable":true,"href":"https:\/\/vitalmutfak.com\/fr\/wp-json\/wp\/v2\/comments?post=71078"}],"version-history":[{"count":1,"href":"https:\/\/vitalmutfak.com\/fr\/wp-json\/wp\/v2\/posts\/71078\/revisions"}],"predecessor-version":[{"id":71085,"href":"https:\/\/vitalmutfak.com\/fr\/wp-json\/wp\/v2\/posts\/71078\/revisions\/71085"}],"wp:featuredmedia":[{"embeddable":true,"href":"https:\/\/vitalmutfak.com\/fr\/wp-json\/wp\/v2\/media\/65608"}],"wp:attachment":[{"href":"https:\/\/vitalmutfak.com\/fr\/wp-json\/wp\/v2\/media?parent=71078"}],"wp:term":[{"taxonomy":"category","embeddable":true,"href":"https:\/\/vitalmutfak.com\/fr\/wp-json\/wp\/v2\/categories?post=71078"},{"taxonomy":"post_tag","embeddable":true,"href":"https:\/\/vitalmutfak.com\/fr\/wp-json\/wp\/v2\/tags?post=71078"}],"curies":[{"name":"wp","href":"https:\/\/api.w.org\/{rel}","templated":true}]}}