{"id":71240,"date":"2026-01-15T12:22:00","date_gmt":"2026-01-15T09:22:00","guid":{"rendered":"https:\/\/vitalmutfak.com\/un-marchio-turco-ad-amburgo-vital\/"},"modified":"2026-04-09T18:17:30","modified_gmt":"2026-04-09T15:17:30","slug":"un-marchio-turco-ad-amburgo-vital","status":"publish","type":"post","link":"https:\/\/vitalmutfak.com\/it\/un-marchio-turco-ad-amburgo-vital\/","title":{"rendered":"Un marchio turco ad Amburgo: Vital"},"content":{"rendered":"\t\t<div data-elementor-type=\"wp-post\" data-elementor-id=\"71240\" class=\"elementor elementor-71240 elementor-66213\" data-elementor-post-type=\"post\">\n\t\t\t\t<div class=\"elementor-element elementor-element-17a52066 e-flex e-con-boxed e-con e-parent\" data-id=\"17a52066\" data-element_type=\"container\" data-e-type=\"container\">\n\t\t\t\t\t<div class=\"e-con-inner\">\n\t\t\t\t<div class=\"elementor-element elementor-element-340d51d1 elementor-widget elementor-widget-text-editor\" data-id=\"340d51d1\" data-element_type=\"widget\" data-e-type=\"widget\" data-widget_type=\"text-editor.default\">\n\t\t\t\t<div class=\"elementor-widget-container\">\n\t\t\t\t\t\t\t\t\t<strong>Un marchio turco ad Amburgo: Vital<\/strong>\r\n\r\nVital ha rappresentato con successo la Turchia a INTERNORGA, una delle fiere pi\u00f9 importanti al mondo per il settore dell&#8217;ospitalit\u00e0 e della ristorazione, tenutasi ad Amburgo, in Germania.\r\n\r\nLa Fiera dell&#8217;Industria Alberghiera e della Ristorazione INTERNORGA si \u00e8 tenuta ad Amburgo dal 30 aprile al 4 maggio 2022. La fiera, organizzata con la partecipazione di molte aziende locali e straniere, ha creato un importante punto d&#8217;incontro riunendo nuovamente i professionisti del settore, nonostante un profilo di partecipazione relativamente pi\u00f9 tranquillo nel periodo post-pandemia. \r\n\r\nVital, che esporta in circa quaranta paesi nelle attuali condizioni globali, ha presentato i suoi prodotti ai visitatori internazionali nell&#8217;ambito della fiera e il suo stand ha suscitato grande interesse con la sua gamma di prodotti che riflette la sua qualit\u00e0, il suo design e la sua potenza ingegneristica.\r\n\r\nMurat Kuzucu, che ha fatto le valutazioni sulla fiera, ha dichiarato nella sua dichiarazione a nome di MUTA\u015e GROUP A.\u015e. che continuer\u00e0 a lavorare con determinazione con un approccio produttivo compatibile con la natura, indipendentemente dalle condizioni, e che considera il mondo sostenibile del futuro.\r\n\r\n&nbsp;\r\n\r\n<strong>Un marchio turco ad Amburgo: Vital<\/strong>\r\n\r\nVital ha rappresentato con successo la Turchia a INTERNORGA, una delle fiere pi\u00f9 importanti al mondo per il settore dell&#8217;ospitalit\u00e0 e della ristorazione, tenutasi ad Amburgo, in Germania.\r\n\r\nLa Fiera dell&#8217;ospitalit\u00e0 e della ristorazione INTERNORGA si \u00e8 svolta dal 30 aprile al 4 maggio 2022 ad Amburgo. Con la partecipazione di numerose aziende locali e internazionali, la fiera &#8211; nonostante un&#8217;affluenza relativamente moderata nel periodo post-pandemia &#8211; ha riunito con successo il settore. \r\n\r\nEsportando in quasi quaranta paesi nelle attuali condizioni globali, Vital ha mostrato i suoi prodotti ai visitatori internazionali per tutta la durata della fiera. Lo stand Vital ha attirato una forte attenzione grazie alla sua gamma di prodotti che riflettono la qualit\u00e0, l&#8217;eccellenza del design e la capacit\u00e0 di progettazione. \r\n\r\nCommentando la mostra, Murat Kuzucu, parlando a nome di MUTA\u015e GROUP A.\u015e., ha dichiarato che, a prescindere dalle condizioni globali, l&#8217;azienda rimane fermamente impegnata in una filosofia di produzione responsabile dal punto di vista ambientale e incentrata sulla costruzione di un mondo sostenibile per il futuro.\t\t\t\t\t\t\t\t<\/div>\n\t\t\t\t<\/div>\n\t\t\t\t\t<\/div>\n\t\t\t\t<\/div>\n\t\t<div class=\"elementor-element elementor-element-7230f24 e-flex e-con-boxed e-con e-parent\" data-id=\"7230f24\" data-element_type=\"container\" data-e-type=\"container\">\n\t\t\t\t\t<div class=\"e-con-inner\">\n\t\t<div class=\"elementor-element elementor-element-cd2e71b e-con-full e-flex e-con e-child\" data-id=\"cd2e71b\" data-element_type=\"container\" data-e-type=\"container\">\n\t\t\t\t<div class=\"elementor-element elementor-element-590a607 elementor-widget elementor-widget-image\" data-id=\"590a607\" data-element_type=\"widget\" data-e-type=\"widget\" data-widget_type=\"image.default\">\n\t\t\t\t<div class=\"elementor-widget-container\">\n\t\t\t\t\t\t\t\t\t\t\t\t\t\t\t<img fetchpriority=\"high\" decoding=\"async\" width=\"1000\" height=\"750\" src=\"https:\/\/vitalmutfak.com\/wp-content\/uploads\/WhatsApp-Image-2026-01-09-at-13.04.28-3-1440x1080.jpeg\" class=\"attachment-large size-large wp-image-66366\" alt=\"\" srcset=\"https:\/\/vitalmutfak.com\/wp-content\/uploads\/WhatsApp-Image-2026-01-09-at-13.04.28-3-1440x1080.jpeg 1440w, https:\/\/vitalmutfak.com\/wp-content\/uploads\/WhatsApp-Image-2026-01-09-at-13.04.28-3-1500x1125.jpeg 1500w, https:\/\/vitalmutfak.com\/wp-content\/uploads\/WhatsApp-Image-2026-01-09-at-13.04.28-3-768x576.jpeg 768w, https:\/\/vitalmutfak.com\/wp-content\/uploads\/WhatsApp-Image-2026-01-09-at-13.04.28-3-1536x1152.jpeg 1536w, https:\/\/vitalmutfak.com\/wp-content\/uploads\/WhatsApp-Image-2026-01-09-at-13.04.28-3-650x488.jpeg 650w, https:\/\/vitalmutfak.com\/wp-content\/uploads\/WhatsApp-Image-2026-01-09-at-13.04.28-3.jpeg 1600w\" sizes=\"(max-width: 1000px) 100vw, 1000px\" \/>\t\t\t\t\t\t\t\t\t\t\t\t\t\t\t<\/div>\n\t\t\t\t<\/div>\n\t\t\t\t<\/div>\n\t\t<div class=\"elementor-element elementor-element-fdfcfc8 e-con-full e-flex e-con e-child\" data-id=\"fdfcfc8\" data-element_type=\"container\" data-e-type=\"container\">\n\t\t\t\t<div class=\"elementor-element elementor-element-7b9b253 elementor-widget elementor-widget-image\" data-id=\"7b9b253\" data-element_type=\"widget\" data-e-type=\"widget\" data-widget_type=\"image.default\">\n\t\t\t\t<div class=\"elementor-widget-container\">\n\t\t\t\t\t\t\t\t\t\t\t\t\t\t\t<img decoding=\"async\" width=\"1000\" height=\"750\" src=\"https:\/\/vitalmutfak.com\/wp-content\/uploads\/WhatsApp-Image-2026-01-09-at-13.04.29-3-1440x1080.jpeg\" class=\"attachment-large size-large wp-image-66373\" alt=\"\" srcset=\"https:\/\/vitalmutfak.com\/wp-content\/uploads\/WhatsApp-Image-2026-01-09-at-13.04.29-3-1440x1080.jpeg 1440w, https:\/\/vitalmutfak.com\/wp-content\/uploads\/WhatsApp-Image-2026-01-09-at-13.04.29-3-1500x1125.jpeg 1500w, https:\/\/vitalmutfak.com\/wp-content\/uploads\/WhatsApp-Image-2026-01-09-at-13.04.29-3-768x576.jpeg 768w, https:\/\/vitalmutfak.com\/wp-content\/uploads\/WhatsApp-Image-2026-01-09-at-13.04.29-3-1536x1152.jpeg 1536w, https:\/\/vitalmutfak.com\/wp-content\/uploads\/WhatsApp-Image-2026-01-09-at-13.04.29-3-650x488.jpeg 650w, https:\/\/vitalmutfak.com\/wp-content\/uploads\/WhatsApp-Image-2026-01-09-at-13.04.29-3.jpeg 1600w\" sizes=\"(max-width: 1000px) 100vw, 1000px\" \/>\t\t\t\t\t\t\t\t\t\t\t\t\t\t\t<\/div>\n\t\t\t\t<\/div>\n\t\t\t\t<\/div>\n\t\t<div class=\"elementor-element elementor-element-a45db32 e-con-full e-flex e-con e-child\" data-id=\"a45db32\" data-element_type=\"container\" data-e-type=\"container\">\n\t\t\t\t<div class=\"elementor-element elementor-element-3483211 elementor-widget elementor-widget-image\" data-id=\"3483211\" data-element_type=\"widget\" data-e-type=\"widget\" data-widget_type=\"image.default\">\n\t\t\t\t<div class=\"elementor-widget-container\">\n\t\t\t\t\t\t\t\t\t\t\t\t\t\t\t<img decoding=\"async\" width=\"497\" height=\"458\" src=\"https:\/\/vitalmutfak.com\/wp-content\/uploads\/Resim3-5.png\" class=\"attachment-large size-large wp-image-66352\" alt=\"\" \/>\t\t\t\t\t\t\t\t\t\t\t\t\t\t\t<\/div>\n\t\t\t\t<\/div>\n\t\t\t\t<\/div>\n\t\t<div class=\"elementor-element elementor-element-2c1886e e-con-full e-flex e-con e-child\" data-id=\"2c1886e\" data-element_type=\"container\" data-e-type=\"container\">\n\t\t\t\t<div class=\"elementor-element elementor-element-81aa9db elementor-widget elementor-widget-image\" data-id=\"81aa9db\" data-element_type=\"widget\" data-e-type=\"widget\" data-widget_type=\"image.default\">\n\t\t\t\t<div class=\"elementor-widget-container\">\n\t\t\t\t\t\t\t\t\t\t\t\t\t\t\t<img loading=\"lazy\" decoding=\"async\" width=\"1000\" height=\"504\" src=\"https:\/\/vitalmutfak.com\/wp-content\/uploads\/Resim1-5.png\" class=\"attachment-large size-large wp-image-66359\" alt=\"\" srcset=\"https:\/\/vitalmutfak.com\/wp-content\/uploads\/Resim1-5.png 1239w, https:\/\/vitalmutfak.com\/wp-content\/uploads\/Resim1-5-768x387.png 768w, https:\/\/vitalmutfak.com\/wp-content\/uploads\/Resim1-5-650x327.png 650w\" sizes=\"(max-width: 1000px) 100vw, 1000px\" \/>\t\t\t\t\t\t\t\t\t\t\t\t\t\t\t<\/div>\n\t\t\t\t<\/div>\n\t\t\t\t<\/div>\n\t\t<div class=\"elementor-element elementor-element-909f983 e-con-full e-flex e-con e-child\" data-id=\"909f983\" data-element_type=\"container\" data-e-type=\"container\">\n\t\t\t\t<div class=\"elementor-element elementor-element-3d43ad4 elementor-widget elementor-widget-image\" data-id=\"3d43ad4\" data-element_type=\"widget\" data-e-type=\"widget\" data-widget_type=\"image.default\">\n\t\t\t\t<div class=\"elementor-widget-container\">\n\t\t\t\t\t\t\t\t\t\t\t\t\t\t\t<img loading=\"lazy\" decoding=\"async\" width=\"1000\" height=\"217\" src=\"https:\/\/vitalmutfak.com\/wp-content\/uploads\/Resim2-5.png\" class=\"attachment-large size-large wp-image-66345\" alt=\"\" srcset=\"https:\/\/vitalmutfak.com\/wp-content\/uploads\/Resim2-5.png 1240w, https:\/\/vitalmutfak.com\/wp-content\/uploads\/Resim2-5-768x167.png 768w, https:\/\/vitalmutfak.com\/wp-content\/uploads\/Resim2-5-650x141.png 650w\" sizes=\"(max-width: 1000px) 100vw, 1000px\" \/>\t\t\t\t\t\t\t\t\t\t\t\t\t\t\t<\/div>\n\t\t\t\t<\/div>\n\t\t\t\t<\/div>\n\t\t\t\t\t<\/div>\n\t\t\t\t<\/div>\n\t\t\t\t<\/div>\n\t\t","protected":false},"excerpt":{"rendered":"<p>Un marchio turco ad Amburgo: Vital Vital ha rappresentato con successo la Turchia a INTERNORGA, una delle fiere pi\u00f9 importanti al mondo per il settore dell&#8217;ospitalit\u00e0 e della ristorazione, tenutasi ad Amburgo, in Germania. La Fiera dell&#8217;Industria Alberghiera e della Ristorazione INTERNORGA si \u00e8 tenuta ad Amburgo dal 30 aprile al 4 maggio 2022. La [&hellip;]<\/p>\n","protected":false},"author":2,"featured_media":66253,"comment_status":"open","ping_status":"closed","sticky":false,"template":"","format":"standard","meta":{"_acf_changed":false,"footnotes":""},"categories":[401],"tags":[],"class_list":["post-71240","post","type-post","status-publish","format-standard","has-post-thumbnail","hentry","category-eventi"],"acf":[],"rttpg_featured_image_url":{"full":["https:\/\/vitalmutfak.com\/wp-content\/uploads\/WhatsApp-Image-2026-01-09-at-13.04.29a.jpeg",1240,1296,false],"landscape":["https:\/\/vitalmutfak.com\/wp-content\/uploads\/WhatsApp-Image-2026-01-09-at-13.04.29a.jpeg",1240,1296,false],"portraits":["https:\/\/vitalmutfak.com\/wp-content\/uploads\/WhatsApp-Image-2026-01-09-at-13.04.29a.jpeg",1240,1296,false],"thumbnail":["https:\/\/vitalmutfak.com\/wp-content\/uploads\/WhatsApp-Image-2026-01-09-at-13.04.29a-150x150.jpeg",150,150,true],"medium":["https:\/\/vitalmutfak.com\/wp-content\/uploads\/WhatsApp-Image-2026-01-09-at-13.04.29a.jpeg",1240,1296,false],"large":["https:\/\/vitalmutfak.com\/wp-content\/uploads\/WhatsApp-Image-2026-01-09-at-13.04.29a-1033x1080.jpeg",1000,1045,true],"1536x1536":["https:\/\/vitalmutfak.com\/wp-content\/uploads\/WhatsApp-Image-2026-01-09-at-13.04.29a.jpeg",1240,1296,false],"2048x2048":["https:\/\/vitalmutfak.com\/wp-content\/uploads\/WhatsApp-Image-2026-01-09-at-13.04.29a.jpeg",1240,1296,false],"uicore-medium":["https:\/\/vitalmutfak.com\/wp-content\/uploads\/WhatsApp-Image-2026-01-09-at-13.04.29a-622x650.jpeg",622,650,true]},"rttpg_author":{"display_name":"vital","author_link":"https:\/\/vitalmutfak.com\/it\/author\/vital\/"},"rttpg_comment":0,"rttpg_category":"<a href=\"https:\/\/vitalmutfak.com\/it\/category\/eventi\/\" rel=\"category tag\">Eventi<\/a>","rttpg_excerpt":"Un marchio turco ad Amburgo: Vital Vital ha rappresentato con successo la Turchia a INTERNORGA, una delle fiere pi\u00f9 importanti al mondo per il settore dell&#8217;ospitalit\u00e0 e della ristorazione, tenutasi ad Amburgo, in Germania. La Fiera dell&#8217;Industria Alberghiera e della Ristorazione INTERNORGA si \u00e8 tenuta ad Amburgo dal 30 aprile al 4 maggio 2022. La...","_links":{"self":[{"href":"https:\/\/vitalmutfak.com\/it\/wp-json\/wp\/v2\/posts\/71240","targetHints":{"allow":["GET"]}}],"collection":[{"href":"https:\/\/vitalmutfak.com\/it\/wp-json\/wp\/v2\/posts"}],"about":[{"href":"https:\/\/vitalmutfak.com\/it\/wp-json\/wp\/v2\/types\/post"}],"author":[{"embeddable":true,"href":"https:\/\/vitalmutfak.com\/it\/wp-json\/wp\/v2\/users\/2"}],"replies":[{"embeddable":true,"href":"https:\/\/vitalmutfak.com\/it\/wp-json\/wp\/v2\/comments?post=71240"}],"version-history":[{"count":1,"href":"https:\/\/vitalmutfak.com\/it\/wp-json\/wp\/v2\/posts\/71240\/revisions"}],"predecessor-version":[{"id":71242,"href":"https:\/\/vitalmutfak.com\/it\/wp-json\/wp\/v2\/posts\/71240\/revisions\/71242"}],"wp:featuredmedia":[{"embeddable":true,"href":"https:\/\/vitalmutfak.com\/it\/wp-json\/wp\/v2\/media\/66253"}],"wp:attachment":[{"href":"https:\/\/vitalmutfak.com\/it\/wp-json\/wp\/v2\/media?parent=71240"}],"wp:term":[{"taxonomy":"category","embeddable":true,"href":"https:\/\/vitalmutfak.com\/it\/wp-json\/wp\/v2\/categories?post=71240"},{"taxonomy":"post_tag","embeddable":true,"href":"https:\/\/vitalmutfak.com\/it\/wp-json\/wp\/v2\/tags?post=71240"}],"curies":[{"name":"wp","href":"https:\/\/api.w.org\/{rel}","templated":true}]}}